{"id":114,"date":"2015-10-19T07:51:33","date_gmt":"2015-10-19T05:51:33","guid":{"rendered":"http:\/\/tudatkulcs.hu\/vagyvonzo\/?p=114"},"modified":"2015-10-22T18:21:04","modified_gmt":"2015-10-22T16:21:04","slug":"napi-celfuzet","status":"publish","type":"post","link":"https:\/\/tudatkulcs.hu\/vagyvonzo\/napi-celfuzet\/","title":{"rendered":"NAPI C\u00c9LF\u00dcZET"},"content":{"rendered":"<h3 style=\"text-align: justify;\"><strong>Neked mi a c\u00e9lod?<br \/>\n&nbsp;<br \/>\nVannak-e konkr\u00e9t megfogalmazott, kit\u0171z\u00f6tt c\u00e9ljaid?<\/strong><br \/>\n&nbsp;<br \/>\n<strong>Hol vagy most \u00e9s hov\u00e1 szeretn\u00e9l eljutni?<\/strong><\/h3>\n<p style=\"text-align: justify;\"><strong><br \/>\n&nbsp;<br \/>\nNagyon fontos, hogy tiszt\u00e1zzuk ezeket magunkban \u00e9s \u00e9ppen ez\u00e9rt vagyunk most itt! \ud83d\ude42\u00a0<\/strong><strong>Ahogy tudatosan elkezdj\u00fck a c\u00e9ljainkkal val\u00f3 foglalkoz\u00e1st, egyre t\u00f6bb \u00f6tlet\u00fcnk is lesz a megval\u00f3s\u00edt\u00e1shoz! S\u0151t, id\u0151nk\u00e9nt magunkt\u00f3l fel\u00fcl fogjuk vizsg\u00e1lni egy-egy c\u00e9lunkat \u00e9s finom\u00edtunk, alak\u00edtunk rajta. <\/strong><\/p>\n<p style=\"text-align: justify;\"><strong>S nem utols\u00f3 sorban: foglalkozunk a c\u00e9ljainkkal, energi\u00e1t adunk nekik, mi magunk is egyre energikusabb\u00e1 v\u00e1lunk, az \u00e9letmin\u0151s\u00e9g\u00fcnk javul, \u00e9rezz\u00fck, hogy val\u00f3ban mi vagyunk \u00e9let\u00fcnk haj\u00f3j\u00e1nak kapit\u00e1nya!<\/strong><\/p>\n<p style=\"text-align: justify;\"><strong>Hogyan haszn\u00e1ld ezt az oldalt?\u00a0<\/strong><\/p>\n<p style=\"text-align: justify;\"><strong>Lehet\u0151s\u00e9g szerint t\u00e9rj vissza minden nap \u00e9s \u00edrd le az \u00f6sszes eszedbe jut\u00f3 c\u00e9lodat! Pr\u00f3b\u00e1ld \u00fagy \u00edrni, hogy k\u00f6zben csak a c\u00e9lokra f\u00f3kusz\u00e1lsz \u00e9s nem engeded, hogy a k\u00e9ts\u00e9gek elt\u00e9r\u00edtsenek k\u00f6zben, Ahogy Bryan Tracy \u00edrja: \u00fagy r\u00f6gz\u00edtsd \u0151ket, mintha a vil\u00e1gon b\u00e1rmit el\u00e9rhetn\u00e9l, mintha egy j\u00f3t\u00fcnd\u00e9r m\u00e1r\u00a0az \u00f6sszes g\u00e1tl\u00f3 t\u00e9nyez\u0151t elt\u00fcntette volna! \ud83d\ude42<\/strong><\/p>\n<p style=\"text-align: justify;\"><strong>Seg\u00edt\u0151 tipp: hat\u00e1rozd el, hogy a nap melyik szak\u00e1ban lesz\u00a0nyugodt 10 perced a c\u00e9ljaid \u00f6ssze\u00edr\u00e1s\u00e1ra \u00e9s tedd szok\u00e1sodd\u00e1, hogy ebben az id\u0151pontban j\u00f6ssz erre a k\u00f6z\u00f6s virtu\u00e1lis c\u00e9lf\u00fczet oldalra!<\/strong><\/p>\n<p>&nbsp;<\/p>\n<p style=\"text-align: justify;\"><a href=\"http:\/\/tudatkulcs.hu\/vagyvonzo\/wp-content\/uploads\/2015\/10\/diary-968592_640.jpg\"><img decoding=\"async\" loading=\"lazy\" class=\"aligncenter size-medium wp-image-115\" src=\"http:\/\/tudatkulcs.hu\/vagyvonzo\/wp-content\/uploads\/2015\/10\/diary-968592_640-300x225.jpg\" alt=\"diary-968592_640\" width=\"300\" height=\"225\" srcset=\"https:\/\/tudatkulcs.hu\/vagyvonzo\/wp-content\/uploads\/2015\/10\/diary-968592_640-300x225.jpg 300w, https:\/\/tudatkulcs.hu\/vagyvonzo\/wp-content\/uploads\/2015\/10\/diary-968592_640.jpg 640w\" sizes=\"(max-width: 300px) 100vw, 300px\" \/><\/a><\/p>\n","protected":false},"excerpt":{"rendered":"<p>Neked mi a c\u00e9lod? &nbsp; Vannak-e konkr\u00e9t megfogalmazott, kit\u0171z\u00f6tt c\u00e9ljaid? &nbsp; Hol vagy most \u00e9s hov\u00e1 szeretn\u00e9l eljutni? &nbsp; Nagyon fontos, hogy tiszt\u00e1zzuk ezeket magunkban \u00e9s \u00e9ppen ez\u00e9rt vagyunk most itt! \ud83d\ude42\u00a0Ahogy tudatosan elkezdj\u00fck a c\u00e9ljainkkal val\u00f3 foglalkoz\u00e1st, egyre t\u00f6bb \u00f6tlet\u00fcnk is lesz a megval\u00f3s\u00edt\u00e1shoz! S\u0151t, id\u0151nk\u00e9nt magunkt\u00f3l fel\u00fcl fogjuk vizsg\u00e1lni egy-egy c\u00e9lunkat \u00e9s finom\u00edtunk, [&hellip;]<\/p>\n","protected":false},"author":1,"featured_media":0,"comment_status":"open","ping_status":"open","sticky":false,"template":"","format":"standard","meta":[],"categories":[1,6,3],"tags":[],"_links":{"self":[{"href":"https:\/\/tudatkulcs.hu\/vagyvonzo\/wp-json\/wp\/v2\/posts\/114"}],"collection":[{"href":"https:\/\/tudatkulcs.hu\/vagyvonzo\/wp-json\/wp\/v2\/posts"}],"about":[{"href":"https:\/\/tudatkulcs.hu\/vagyvonzo\/wp-json\/wp\/v2\/types\/post"}],"author":[{"embeddable":true,"href":"https:\/\/tudatkulcs.hu\/vagyvonzo\/wp-json\/wp\/v2\/users\/1"}],"replies":[{"embeddable":true,"href":"https:\/\/tudatkulcs.hu\/vagyvonzo\/wp-json\/wp\/v2\/comments?post=114"}],"version-history":[{"count":4,"href":"https:\/\/tudatkulcs.hu\/vagyvonzo\/wp-json\/wp\/v2\/posts\/114\/revisions"}],"predecessor-version":[{"id":182,"href":"https:\/\/tudatkulcs.hu\/vagyvonzo\/wp-json\/wp\/v2\/posts\/114\/revisions\/182"}],"wp:attachment":[{"href":"https:\/\/tudatkulcs.hu\/vagyvonzo\/wp-json\/wp\/v2\/media?parent=114"}],"wp:term":[{"taxonomy":"category","embeddable":true,"href":"https:\/\/tudatkulcs.hu\/vagyvonzo\/wp-json\/wp\/v2\/categories?post=114"},{"taxonomy":"post_tag","embeddable":true,"href":"https:\/\/tudatkulcs.hu\/vagyvonzo\/wp-json\/wp\/v2\/tags?post=114"}],"curies":[{"name":"wp","href":"https:\/\/api.w.org\/{rel}","templated":true}]}}